[{"@context":"https:\/\/schema.org\/","@type":"Article","@id":"https:\/\/www.abudo.cz\/vylepsete-svuj-vuz-efektivnim-zpusobem\/#Article","mainEntityOfPage":"https:\/\/www.abudo.cz\/vylepsete-svuj-vuz-efektivnim-zpusobem\/","headline":"Vylep\u0161ete sv\u016fj v\u016fz efektivn\u00edm zp\u016fsobem","name":"Vylep\u0161ete sv\u016fj v\u016fz efektivn\u00edm zp\u016fsobem","description":"M\u00e1te r\u00e1di sv\u00e9 auto, ale po\u0159\u00e1d p\u0159em\u00fd\u0161l\u00edte nad t\u00edm, jak byste jej mohli vylep\u0161it? Pokud &hellip; ","datePublished":"2023-08-25","dateModified":"2023-08-25","author":{"@type":"Person","@id":"https:\/\/www.abudo.cz\/author\/#Person","name":"abudo.cz","url":"https:\/\/www.abudo.cz\/author\/","identifier":1,"image":{"@type":"ImageObject","@id":"https:\/\/secure.gravatar.com\/avatar\/11f8c6ff4d174e1ebef1d6401491d0892ff6534e7a3312fbf752a8f90a4375cd?s=96&d=mm&r=g","url":"https:\/\/secure.gravatar.com\/avatar\/11f8c6ff4d174e1ebef1d6401491d0892ff6534e7a3312fbf752a8f90a4375cd?s=96&d=mm&r=g","height":96,"width":96}},"publisher":{"@type":"Organization","name":"abudo.cz","logo":{"@type":"ImageObject","@id":"\/logo.png","url":"\/logo.png","width":600,"height":60}},"url":"https:\/\/www.abudo.cz\/vylepsete-svuj-vuz-efektivnim-zpusobem\/","wordCount":266,"articleBody":"M\u00e1te r\u00e1di sv\u00e9 auto, ale po\u0159\u00e1d p\u0159em\u00fd\u0161l\u00edte nad t\u00edm, jak byste jej mohli vylep\u0161it? Pokud ano, pak je n\u011bco \u0161patn\u011b a m\u011bli byste se rozhodnout pro zm\u011bnu. Na\u0161e auto f\u00f3lie Brno v\u00e1m spln\u00ed ve\u0161ker\u00e1 va\u0161e p\u0159\u00e1n\u00ed. M\u016f\u017eete si b\u00fdt tedy jisti, \u017ee jestli\u017ee p\u0159ijedete se sv\u00fdm vozem k n\u00e1m, budete nadm\u00edru spokojeni. V\u0161em na\u0161im z\u00e1kazn\u00edk\u016fm toti\u017e nab\u00edz\u00edme mimo kvalitn\u00ed f\u00f3lie tak\u00e9 individu\u00e1ln\u00ed p\u0159\u00edstup, a tak jsme schopni vysly\u0161et p\u0159\u00e1n\u00ed v\u0161ech. Spolehn\u011bte se tedy na n\u00e1s a uvid\u00edte, \u017ee ze sv\u00e9ho vozu budete m\u00edt v\u011bt\u0161\u00ed radost. Je to \u00faprava, kter\u00e1 se zkr\u00e1tka vyplat\u00ed.Mal\u00e1 investice, kter\u00e1 v\u00e1s neochrom\u00edMysl\u00edte si, \u017ee tento prvek pro v\u016fz stoj\u00ed mnoho? Jestli\u017ee ano, pak se velmi m\u00fdl\u00edte. Uvid\u00edte, \u017ee samotn\u00e1 instalace, a to jak, co se t\u00fd\u010de cen, tak co se t\u00fd\u010de samotn\u00e9 n\u00e1ro\u010dnosti, nen\u00ed nic slo\u017eit\u00e9ho. Sta\u010d\u00ed, abyste k n\u00e1m sv\u016fj v\u016fz p\u0159ivezli, odb\u011bhnuli si do m\u011bsta a a\u017e se vr\u00e1t\u00edte, budete m\u00edt sv\u016fj v\u016fz ve zcela nov\u00e9m kab\u00e1t\u011b. Z\u00e1le\u017e\u00ed tedy na v\u00e1s, jak\u00fd odst\u00edn t\u011bchto prvk\u016f si vyberete. V ka\u017ed\u00e9m p\u0159\u00edpad\u011b m\u00e1te na v\u00fdb\u011br z opravdu velk\u00e9 nab\u00eddky, a to jednotliv\u00fdch v\u00fdrobc\u016f a barev.                                                                                                                                                                                                                                                                                                                                                                                        4.6\/5 - (5 votes)        "},{"@context":"https:\/\/schema.org\/","@type":"BreadcrumbList","itemListElement":[{"@type":"ListItem","position":1,"name":"Vylep\u0161ete sv\u016fj v\u016fz efektivn\u00edm zp\u016fsobem","item":"https:\/\/www.abudo.cz\/vylepsete-svuj-vuz-efektivnim-zpusobem\/#breadcrumbitem"}]}]