[{"@context":"https:\/\/schema.org\/","@type":"Article","@id":"https:\/\/www.abudo.cz\/strava-pro-dusi\/#Article","mainEntityOfPage":"https:\/\/www.abudo.cz\/strava-pro-dusi\/","headline":"Strava pro du\u0161i","name":"Strava pro du\u0161i","description":"Um\u011bn\u00ed je nepopiratelnou a velmi z\u00e1sadn\u00ed sou\u010d\u00e1st\u00ed lidsk\u00e9 kultury. Rozechv\u00edv\u00e1 ur\u010dit\u00e9 \u010d\u00e1sti na\u0161\u00ed du\u0161e, kter\u00e9 &hellip; ","datePublished":"2025-07-09","dateModified":"2025-07-09","author":{"@type":"Person","@id":"https:\/\/www.abudo.cz\/author\/#Person","name":"abudo.cz","url":"https:\/\/www.abudo.cz\/author\/","identifier":1,"image":{"@type":"ImageObject","@id":"https:\/\/secure.gravatar.com\/avatar\/11f8c6ff4d174e1ebef1d6401491d0892ff6534e7a3312fbf752a8f90a4375cd?s=96&d=mm&r=g","url":"https:\/\/secure.gravatar.com\/avatar\/11f8c6ff4d174e1ebef1d6401491d0892ff6534e7a3312fbf752a8f90a4375cd?s=96&d=mm&r=g","height":96,"width":96}},"publisher":{"@type":"Organization","name":"abudo.cz","logo":{"@type":"ImageObject","@id":"\/logo.png","url":"\/logo.png","width":600,"height":60}},"image":{"@type":"ImageObject","@id":"https:\/\/www.abudo.cz\/wp-content\/uploads\/conductor-5157153_640_8.jpg","url":"https:\/\/www.abudo.cz\/wp-content\/uploads\/conductor-5157153_640_8.jpg","height":0,"width":0},"url":"https:\/\/www.abudo.cz\/strava-pro-dusi\/","about":["Podnik\u00e1n\u00ed"],"wordCount":415,"articleBody":"         Um\u011bn\u00ed je nepopiratelnou a velmi z\u00e1sadn\u00ed sou\u010d\u00e1st\u00ed lidsk\u00e9 kultury. Rozechv\u00edv\u00e1 ur\u010dit\u00e9 \u010d\u00e1sti na\u0161\u00ed du\u0161e, kter\u00e9 b\u00fdvaj\u00ed ve shonu b\u011b\u017en\u00e9ho \u017eivota skryt\u00e9 a ml\u010denliv\u00e9. Podobn\u011b na n\u00e1s mohou p\u016fsobit i p\u0159\u00edrodn\u00ed scen\u00e9rie. Kdy\u017e poslouch\u00e1te Smetanovu Vltavu, Dvo\u0159\u00e1kovu symfonii Z Nov\u00e9ho sv\u011bta, d\u00edv\u00e1te se na obrazy od Clauda Moneta, sochy od Michelangela Buonarrotiho nebo stavby od Santiniho-Aichla, pak se st\u00e1v\u00e1te sou\u010d\u00e1st\u00ed d\u011bdictv\u00ed p\u0159ed\u00e1van\u00e9ho po generace. Snoub\u00ed se ve v\u00e1s touhy, p\u0159\u00e1n\u00ed, pocity a c\u00edle mnoha a mnoha lid\u00ed p\u0159ed v\u00e1mi, kte\u0159\u00ed tvo\u0159ili a obdivovali. Jste malou sou\u010d\u00e1st\u00ed nekone\u010dn\u00e9ho vesm\u00edru, ale d\u00edky magi\u010dnosti t\u011bchto nep\u0159ekonateln\u00fdch d\u011bl se z v\u00e1s st\u00e1v\u00e1 lep\u0161\u00ed \u010dlov\u011bk.Jako \u010d\u00e1st na\u0161\u00ed kultury jsme toti\u017e mnohem v\u00edce ne\u017e jako mal\u00e9 ztracen\u00e9 a osamocen\u00e9 lodi\u010dky v nev\u011bd\u011bn\u00ed. Ten, kdo tvrd\u00ed, \u017ee um\u011bn\u00ed nen\u00ed pro n\u011bj, se zat\u00edm jen nenau\u010dil spr\u00e1vn\u011b naslouchat. \u0158\u00edk\u00e1 se, \u017ee klasick\u00e1 hudba (a dalo by se to vzt\u00e1hnout i na ostatn\u00ed druhy tradi\u010dn\u00edho um\u011bn\u00ed) je jako vzne\u0161en\u00e1 d\u00e1ma. Nech\u00e1 se dlouho dob\u00fdvat, odol\u00e1v\u00e1 p\u0159\u00edm\u00fdm \u00fatok\u016fm, nenech\u00e1 se jen tak sv\u00e9st a vy\u017eaduje mnoho pozornosti a snahy, ne\u017e se v\u00e1m pln\u011b otev\u0159e. Jamile se ale klasick\u00e9mu um\u011bn\u00ed p\u0159ibl\u00ed\u017e\u00edte, pak mu za\u010dnete rozum\u011bt a najdete v n\u011bm zal\u00edben\u00ed. Velk\u00fd po\u017eitek p\u0159in\u00e1\u0161\u00ed i propojen\u00ed v\u00edce druh\u016f um\u011bn\u00ed, obrazy \u010di koncerty v p\u0159\u00edrod\u011b, hudba v kostele nebo jin\u00e9 architektonick\u00e9 stavb\u011b, obrazy doprov\u00e1zen\u00e9 melodiemi atd. R\u00e1di bychom v\u00e1s tedy pozvali do pra\u017esk\u00e9 \u0160pan\u011blsk\u00e9 synagogy koncerty, kter\u00e9 v\u00e1m p\u0159inesou pr\u00e1v\u011b no propojen\u00ed. Koncerty zde po\u0159\u00e1d\u00e1 orchestr a sbor Czech Collegium, kter\u00fd dopl\u0148uj\u00ed r\u016fzn\u00ed s\u00f3lov\u00ed host\u00e9. V reperto\u00e1ru maj\u00ed nap\u0159\u00edklad skladbu Bolero od Maurice Ravela, Carminu Buranu od Carla Orffa i r\u016fzn\u00e9 v\u00fdb\u011bry z \u010desk\u00e9 a sv\u011btov\u00e9 hudby. P\u0159i poslechu hudby v\u00e1s okouzl\u00ed n\u00e1dhern\u00e9 prostory nejmlad\u0161\u00ed synagogy v r\u00e1mci \u017didovsk\u00e9 M\u011bsta v Praze. Velmi bohat\u00e1 barevn\u00e1 orient\u00e1ln\u00ed v\u00fdzdoba v\u00e1s p\u0159enese do vzd\u00e1len\u00fdch krajin a umocn\u00ed  http:\/\/www.hudebniknihovna.cz\/tri-koncerty-anny-k-umocni-tri-vyjimecne-koncertni-saly-se-specialni-scenou.html v\u00e1\u0161 hudebn\u00ed pro\u017eitek.                                                                                                                                                                                                                                                                                                                                                                                          4\/5 - (2 votes)        "},{"@context":"https:\/\/schema.org\/","@type":"BreadcrumbList","itemListElement":[{"@type":"ListItem","position":1,"name":"Strava pro du\u0161i","item":"https:\/\/www.abudo.cz\/strava-pro-dusi\/#breadcrumbitem"}]}]