[{"@context":"https:\/\/schema.org\/","@type":"Article","@id":"https:\/\/www.abudo.cz\/kazda-zena-chce-byt-krasnou\/#Article","mainEntityOfPage":"https:\/\/www.abudo.cz\/kazda-zena-chce-byt-krasnou\/","headline":"Ka\u017ed\u00e1 \u017eena chce b\u00fdt kr\u00e1snou","name":"Ka\u017ed\u00e1 \u017eena chce b\u00fdt kr\u00e1snou","description":"Ka\u017ed\u00e1 \u017eena tou\u017e\u00ed b\u00fdt nejkr\u00e1sn\u011bj\u0161\u00ed. Ur\u010dit\u011b si dok\u00e1\u017eete p\u0159edstavit, jak je to komplikovan\u00e9, kdy\u017e r\u00e1no &hellip; ","datePublished":"2023-08-28","dateModified":"2023-08-28","author":{"@type":"Person","@id":"https:\/\/www.abudo.cz\/author\/#Person","name":"abudo.cz","url":"https:\/\/www.abudo.cz\/author\/","identifier":1,"image":{"@type":"ImageObject","@id":"https:\/\/secure.gravatar.com\/avatar\/11f8c6ff4d174e1ebef1d6401491d0892ff6534e7a3312fbf752a8f90a4375cd?s=96&d=mm&r=g","url":"https:\/\/secure.gravatar.com\/avatar\/11f8c6ff4d174e1ebef1d6401491d0892ff6534e7a3312fbf752a8f90a4375cd?s=96&d=mm&r=g","height":96,"width":96}},"publisher":{"@type":"Organization","name":"abudo.cz","logo":{"@type":"ImageObject","@id":"\/logo.png","url":"\/logo.png","width":600,"height":60}},"image":{"@type":"ImageObject","@id":"https:\/\/www.abudo.cz\/wp-content\/uploads\/model-4529801_960_720_5.jpg","url":"https:\/\/www.abudo.cz\/wp-content\/uploads\/model-4529801_960_720_5.jpg","height":0,"width":0},"url":"https:\/\/www.abudo.cz\/kazda-zena-chce-byt-krasnou\/","about":["Kr\u00e1sa"],"wordCount":426,"articleBody":"Ka\u017ed\u00e1 \u017eena tou\u017e\u00ed b\u00fdt nejkr\u00e1sn\u011bj\u0161\u00ed. Ur\u010dit\u011b si dok\u00e1\u017eete p\u0159edstavit, jak je to komplikovan\u00e9, kdy\u017e r\u00e1no vstanete a nejste nal\u00ed\u010den\u00e1, upraven\u00e1 a nem\u00e1te umyt\u00e9 vlasy. Nem\u00e1te obli\u010dej, kter\u00fd byste m\u011bla nal\u00ed\u010den\u00fd, a nem\u00e1te ani malovan\u00e9 \u0159asy a o\u010di. Je to slo\u017eit\u00e9, proto\u017ee ka\u017ed\u00e1 \u017eena chce b\u00fdt kr\u00e1sn\u00e1. V\u017edycky, ne\u017e vstaneme, v\u00edme, \u017ee jsme o\u0161kliv\u00e9 a \u017ee se mus\u00edme upravit. Je tedy pot\u0159eba j\u00edt a um\u00fdt si obli\u010dej po\u0159\u00e1dn\u011b studenou vodou, abychom se zbavily kruh\u016f pod o\u010dima.\u00a0Potom je pot\u0159eba se nal\u00ed\u010dit a potom u\u017e nan\u00e9st na obli\u010dej kr\u00e9m, make-up, \u0159asenku a r\u016fzn\u00e9 v\u011bci, jako je lesk na rty. M\u016f\u017eete si vybrat cokoliv, co v\u00e1m vyhovuje, a v\u011bzte, \u017ee za chvilku budete opravdu kr\u00e1sn\u00e9. Kosmetika pro \u017eeny opravdu ud\u011bl\u00e1 hodn\u011b, proto\u017ee ka\u017ed\u00e1 \u017eena chce b\u00fdt kr\u00e1sn\u00e1 a l\u00edbit se. Rann\u00ed hygiena a kosmetika jsou velmi d\u016fle\u017eit\u00e9, proto\u017ee \u017e\u00e1dn\u00e1 \u017eena se bez nich neobejde. Nechcete p\u0159ece j\u00edt ven o\u0161kliv\u00e9. V\u017edycky po r\u00e1nu je tedy pot\u0159eba se opravdu hezky upravit a m\u016f\u017eete vyrazit do ulic. Ka\u017ed\u00e1 \u017eena chce b\u00fdt kr\u00e1sn\u00e1 a vy\u017eaduje to b\u00fdt kr\u00e1sn\u00e1.Proto je prost\u011b pot\u0159eba, abyste se sna\u017eili vypadat co nejl\u00e9pe.\u00a0\u00a0Ka\u017ed\u00e1 \u017eena by jednodu\u0161e cht\u011bla vypadat kr\u00e1sn\u011b. Ka\u017ed\u00e1 \u017eena se chce l\u00edbit. Ka\u017ed\u00e1 \u017eena tou\u017e\u00ed po tom, aby byla prost\u011b kr\u00e1sn\u00e1. Proto je d\u016fle\u017eit\u00e9, kdy\u017e r\u00e1no vst\u00e1v\u00e1me, se opravdu p\u0159ipravit. Proto\u017ee pot\u00e9 se c\u00edt\u00edme sebev\u011bdom\u011bji, jsme spokojen\u011bj\u0161\u00ed a je to pro n\u00e1s prost\u011b u\u017eite\u010dn\u00e9. Je to skv\u011bl\u00e9 a mysl\u00edm si, \u017ee ka\u017ed\u00e1 \u017eena chce b\u00fdt prost\u011b tou kr\u00e1snou. Prost\u011b ka\u017ed\u00e1 \u017eena chce m\u00edt na sob\u011b make-up, a \u017eeny ani bez make-upu n\u011bkter\u00e9 necht\u011bj\u00ed ani vyj\u00edt ven, tak\u017ee prost\u011b make-up je z\u00e1kladem ka\u017ed\u00e9 \u017eeny. A hlavn\u011b je d\u016fle\u017eit\u00e9 ho m\u00edt od r\u00e1na, proto\u017ee takov\u00fd make-up opravdu t\u00e9 \u017een\u011b dod\u00e1 v\u011bt\u0161\u00ed sebev\u011bdom\u00ed, p\u016fvab, v\u011bt\u0161\u00ed pohodu, a \u017eena je k tomu prost\u011b vrozen\u00e1. A pokud chcete b\u00fdt v\u00edce hez\u010d\u00ed, v\u017edy si pod make-up dejte kr\u00e9m, proto\u017ee vytvo\u0159\u00ed dokonalou ple\u0165.\u00a0                                                                                                                                                                                                                                                                                                                                                                                        4.4\/5 - (8 votes)        "},{"@context":"https:\/\/schema.org\/","@type":"BreadcrumbList","itemListElement":[{"@type":"ListItem","position":1,"name":"Ka\u017ed\u00e1 \u017eena chce b\u00fdt kr\u00e1snou","item":"https:\/\/www.abudo.cz\/kazda-zena-chce-byt-krasnou\/#breadcrumbitem"}]}]