[{"@context":"https:\/\/schema.org\/","@type":"Article","@id":"https:\/\/www.abudo.cz\/jak-to-bude-s-eet\/#Article","mainEntityOfPage":"https:\/\/www.abudo.cz\/jak-to-bude-s-eet\/","headline":"Jak to bude s EET","name":"Jak to bude s EET","description":"\u017de nen\u00ed na\u0161e politick\u00e1 sc\u00e9na jednotn\u00e1, a \u017ee nejsou jednotn\u00ed ani poslanci, nen\u00ed nic p\u0159ekvapiv\u00e9ho. &hellip; ","datePublished":"2024-10-07","dateModified":"2024-10-07","author":{"@type":"Person","@id":"https:\/\/www.abudo.cz\/author\/#Person","name":"abudo.cz","url":"https:\/\/www.abudo.cz\/author\/","identifier":1,"image":{"@type":"ImageObject","@id":"https:\/\/secure.gravatar.com\/avatar\/11f8c6ff4d174e1ebef1d6401491d0892ff6534e7a3312fbf752a8f90a4375cd?s=96&d=mm&r=g","url":"https:\/\/secure.gravatar.com\/avatar\/11f8c6ff4d174e1ebef1d6401491d0892ff6534e7a3312fbf752a8f90a4375cd?s=96&d=mm&r=g","height":96,"width":96}},"publisher":{"@type":"Organization","name":"abudo.cz","logo":{"@type":"ImageObject","@id":"\/logo.png","url":"\/logo.png","width":600,"height":60}},"image":{"@type":"ImageObject","@id":"https:\/\/www.abudo.cz\/wp-content\/uploads\/img_a323669_w2422_t1535397996.jpg","url":"https:\/\/www.abudo.cz\/wp-content\/uploads\/img_a323669_w2422_t1535397996.jpg","height":0,"width":0},"url":"https:\/\/www.abudo.cz\/jak-to-bude-s-eet\/","about":["Ekonomika"],"wordCount":429,"articleBody":"\u017de nen\u00ed na\u0161e politick\u00e1 sc\u00e9na jednotn\u00e1, a \u017ee nejsou jednotn\u00ed ani poslanci, nen\u00ed nic p\u0159ekvapiv\u00e9ho. V\u00a0t\u00e9to oblasti v\u00e1l\u010d\u00ed ka\u017ed\u00fd s\u00e1m za sebe, anebo za sv\u016fj klub, a tak nen\u00ed ani p\u0159ekvapen\u00edm, \u017ee se z\u00e1stupci parlamentn\u00edch stran neshodli na dal\u0161\u00edm vyu\u017e\u00edv\u00e1n\u00ed elektronick\u00e9 evidence tr\u017eeb.O novelu z\u00e1kona se pokusily poslaneck\u00e9 kluby SPD, ODS, TOP09, STAN a Pir\u00e1t\u016f, kter\u00e9 pova\u017euj\u00ed za nep\u0159ijatelnou dosavadn\u00ed podobu z\u00e1kona, je\u017e po\u0161kozuje p\u0159edev\u0161\u00edm drobn\u00e9 podnikatele a \u017eivnostn\u00edky. Proti tomuto n\u00e1vrhu se postavilo hnut\u00ed ANO, KDU-\u010cSL, \u010cSSD a KS\u010cM. \u00dastavn\u00ed soud zru\u0161il koncem roku 2017 napl\u00e1novan\u00fd po\u010d\u00e1tek 3. a 4. vlny, zahrnuj\u00edc\u00ed zem\u011bd\u011blsk\u00fd resort, dopravu a n\u011bkter\u00e1 \u0159emesln\u00e1 a v\u00fdrobn\u00ed odv\u011btv\u00ed. Tento syst\u00e9m podle n\u011bkter\u00fdch \u00fastavn\u00edch soudc\u016f podnikatele zbyte\u010dn\u011b zat\u011b\u017euje dal\u0161\u00ed administrativou a po\u0159izov\u00e1n\u00edm pot\u0159ebn\u00e9ho technologick\u00e9ho z\u00e1zem\u00ed.Poslanci nyn\u00ed navrhuj\u00ed d\u00e1t EET podobu takovou, \u017ee by se t\u00fdkala pouze registrovan\u00fdch pl\u00e1tc\u016f dan\u011b z\u00a0p\u0159idan\u00e9 hodnoty, jejich\u017e ro\u010dn\u00ed obrat \u010din\u00ed v\u00edce ne\u017e milion korun. Oponenti tohoto n\u00e1vrhu sv\u016fj nesouhlas zd\u016fvod\u0148uj\u00ed tvrzen\u00edm, \u017ee horn\u00ed limit tr\u017eeb \u0159ada podnikatel\u016f obch\u00e1z\u00ed vykazov\u00e1n\u00edm ni\u017e\u0161\u00edch zisk\u016f, ne\u017e jak\u00e9 byly ve skute\u010dnosti. \u00dadajn\u011b by takto podv\u00e1d\u011bla valn\u00e1 v\u011bt\u0161ina podnikatelsk\u00fdch subjekt\u016f, co\u017e by zpochybnilo v\u00fdznam samotn\u00e9 procedury, a vedlo by to pouze k\u00a0destabilit\u011b podnikatelsk\u00e9ho sektoru.\t\u00daleva drobn\u00fdm podnikatel\u016fm ve form\u011b pap\u00edrov\u00fdch \u00fa\u010dtenekV\u00a0polovin\u011b \u010dervna 2018 se v\u0161ak vl\u00e1da nakonec shodla na tom, \u017ee podnikatel\u00e9, kte\u0159\u00ed nejsou pl\u00e1tci dan\u011b z\u00a0p\u0159idan\u00e9 hodnoty, a maj\u00ed sou\u010dasn\u011b s\u00a0t\u00edm n\u00edzk\u00e9 p\u0159\u00edjmy, by nemuseli prov\u00e1d\u011bt evidenci tr\u017eeb p\u0159es Internet, ale sta\u010dilo by k\u00a0tomu pouze vyu\u017e\u00edv\u00e1n\u00ed pap\u00edrov\u00fdch \u00fa\u010dtenek vydan\u00fdch ministerstvem financ\u00ed. \u00dadaje o veden\u00ed tr\u017eeb by pr\u00fd sta\u010dilo odes\u00edlat jednou za \u010dtvrt roku Finan\u010dn\u00edmu \u00fa\u0159adu.N\u011bkte\u0159\u00ed poslanci (nap\u0159. klub ODS) v\u0161ak navrhuj\u00ed celou ma\u0161inerii EET zru\u0161it s\u00a0t\u00edm, pro\u010d tedy prov\u00e1d\u011bt evidenci jen \u010d\u00e1sti podnikatelsk\u00e9ho segmentu, co\u017e nemus\u00ed p\u0159in\u00e9st k\u00fd\u017een\u00fd efekt do st\u00e1tn\u00ed pokladny, a nav\u00edc jde pouze dal\u0161\u00ed administrativn\u00ed polo\u017eku v\u00a0u\u017e tak slo\u017eit\u00e9m a komplikovan\u00e9m prost\u0159ed\u00ed \u017eivnostn\u00edk\u016f, eser\u00f3\u010dek a akciov\u00fdch spole\u010dnost\u00ed.                                                                                                                                                                                                                                                                                                                                                                                        4.3\/5 - (10 votes)        "},{"@context":"https:\/\/schema.org\/","@type":"BreadcrumbList","itemListElement":[{"@type":"ListItem","position":1,"name":"Jak to bude s EET","item":"https:\/\/www.abudo.cz\/jak-to-bude-s-eet\/#breadcrumbitem"}]}]